{"id":4321,"date":"2022-09-05T18:06:24","date_gmt":"2022-09-05T16:06:24","guid":{"rendered":"https:\/\/indusalcoop.es\/programa-ayudas-para-mejorar-la-competitividad-y-sostenibilidad-de-las-pymes-industriales-de-los-sectores-de-la-comunitat-valenciana\/"},"modified":"2025-10-13T11:29:15","modified_gmt":"2025-10-13T09:29:15","slug":"programme-daides-visant-a-ameliorer-la-competitivite-et-la-durabilite-des-pme-industrielles-des-secteurs-de-la-communaute-valencienne","status":"publish","type":"post","link":"https:\/\/indusalcoop.es\/fr\/programme-daides-visant-a-ameliorer-la-competitivite-et-la-durabilite-des-pme-industrielles-des-secteurs-de-la-communaute-valencienne\/","title":{"rendered":"Programme d\u2019aides visant \u00e0 am\u00e9liorer la comp\u00e9titivit\u00e9 et la durabilit\u00e9 des PME industrielles des secteurs de la Communaut\u00e9 valencienne."},"content":{"rendered":"<p><strong><img loading=\"lazy\" decoding=\"async\" class=\"size-full wp-image-2884 alignleft\" src=\"https:\/\/indusalcoop.es\/wp-content\/uploads\/2022\/09\/logo-generalitat-120-h.jpg\" alt=\"Logo Generalitat Valenciana\" width=\"129\" height=\"120\" \/>PROYECTOS INDUSTRIALES INDUSAL, S.L.<\/strong> a re\u00e7u de la part de la Conselleria de l\u2019\u00c9conomie durable, des Secteurs productifs, du Commerce et du Travail de la Generalitat Valenciana, une subvention de 32.644,09\u00a0\u20ac en soutien au projet <strong>INPYME\/2022\/797<\/strong> dans le cadre du <em>\u00ab\u00a0Programme d\u2019aides visant \u00e0 am\u00e9liorer la comp\u00e9titivit\u00e9 et la durabilit\u00e9 des PME industrielles des secteurs de la Communaut\u00e9 valencienne du cuir-chaussure, de la c\u00e9ramique, du m\u00e9tal-m\u00e9canique, du textile, du jouet, du marbre-pierre naturelle et granulats, du bois-meuble et de l\u2019\u00e9clairage, de la chimie, de l\u2019automobile, du plastique, de l\u2019emballage et du conditionnement, du papier et des arts graphiques, de la valorisation des d\u00e9chets ainsi que des secteurs \u00e9mergents de la biotechnologie, de la production audiovisuelle et du d\u00e9veloppement de jeux vid\u00e9o, dans le cadre de la quatri\u00e8me phase de mise en \u0153uvre du Plan strat\u00e9gique de l\u2019industrie valencienne\u00a0\u00bb<\/em>.<\/p>\n","protected":false},"excerpt":{"rendered":"<p>PROYECTOS INDUSTRIALES INDUSAL, S.L. a re\u00e7u de la part de la Conselleria de l\u2019\u00c9conomie durable, des Secteurs productifs, du Commerce et du Travail de la Generalitat Valenciana, une subvention de 32.644,09\u00a0\u20ac en soutien au projet INPYME\/2022\/797 dans le cadre du &hellip;<\/p>\n","protected":false},"author":1,"featured_media":3674,"comment_status":"closed","ping_status":"closed","sticky":false,"template":"","format":"standard","meta":{"footnotes":""},"categories":[78],"tags":[],"class_list":["post-4321","post","type-post","status-publish","format-standard","has-post-thumbnail","hentry","category-non-categorise"],"yoast_head":"<!-- This site is optimized with the Yoast SEO plugin v27.0 - https:\/\/yoast.com\/product\/yoast-seo-wordpress\/ -->\n<title>Programme d\u2019aides visant \u00e0 am\u00e9liorer la comp\u00e9titivit\u00e9 et la durabilit\u00e9 des PME industrielles des secteurs de la Communaut\u00e9 valencienne. - Indusal Maquinaria Industrial<\/title>\n<meta name=\"robots\" content=\"index, follow, max-snippet:-1, max-image-preview:large, max-video-preview:-1\" \/>\n<link rel=\"canonical\" href=\"https:\/\/indusalcoop.es\/fr\/programme-daides-visant-a-ameliorer-la-competitivite-et-la-durabilite-des-pme-industrielles-des-secteurs-de-la-communaute-valencienne\/\" \/>\n<meta property=\"og:locale\" content=\"fr_FR\" \/>\n<meta property=\"og:type\" content=\"article\" \/>\n<meta property=\"og:title\" content=\"Programme d\u2019aides visant \u00e0 am\u00e9liorer la comp\u00e9titivit\u00e9 et la durabilit\u00e9 des PME industrielles des secteurs de la Communaut\u00e9 valencienne. - Indusal Maquinaria Industrial\" \/>\n<meta property=\"og:description\" content=\"PROYECTOS INDUSTRIALES INDUSAL, S.L. a re\u00e7u de la part de la Conselleria de l\u2019\u00c9conomie durable, des Secteurs productifs, du Commerce et du Travail de la Generalitat Valenciana, une subvention de 32.644,09\u00a0\u20ac en soutien au projet INPYME\/2022\/797 dans le cadre du &hellip;\" \/>\n<meta property=\"og:url\" content=\"https:\/\/indusalcoop.es\/fr\/programme-daides-visant-a-ameliorer-la-competitivite-et-la-durabilite-des-pme-industrielles-des-secteurs-de-la-communaute-valencienne\/\" \/>\n<meta property=\"og:site_name\" content=\"Indusal Maquinaria Industrial\" \/>\n<meta property=\"article:published_time\" content=\"2022-09-05T16:06:24+00:00\" \/>\n<meta property=\"article:modified_time\" content=\"2025-10-13T09:29:15+00:00\" \/>\n<meta property=\"og:image\" content=\"https:\/\/indusalcoop.es\/wp-content\/uploads\/2022\/09\/generalitat-img.jpg\" \/>\n\t<meta property=\"og:image:width\" content=\"1024\" \/>\n\t<meta property=\"og:image:height\" content=\"565\" \/>\n\t<meta property=\"og:image:type\" content=\"image\/jpeg\" \/>\n<meta name=\"author\" content=\"luis\" \/>\n<meta name=\"twitter:card\" content=\"summary_large_image\" \/>\n<meta name=\"twitter:label1\" content=\"\u00c9crit par\" \/>\n\t<meta name=\"twitter:data1\" content=\"luis\" \/>\n\t<meta name=\"twitter:label2\" content=\"Dur\u00e9e de lecture estim\u00e9e\" \/>\n\t<meta name=\"twitter:data2\" content=\"1 minute\" \/>\n<script type=\"application\/ld+json\" class=\"yoast-schema-graph\">{\"@context\":\"https:\/\/schema.org\",\"@graph\":[{\"@type\":\"Article\",\"@id\":\"https:\/\/indusalcoop.es\/fr\/programme-daides-visant-a-ameliorer-la-competitivite-et-la-durabilite-des-pme-industrielles-des-secteurs-de-la-communaute-valencienne\/#article\",\"isPartOf\":{\"@id\":\"https:\/\/indusalcoop.es\/fr\/programme-daides-visant-a-ameliorer-la-competitivite-et-la-durabilite-des-pme-industrielles-des-secteurs-de-la-communaute-valencienne\/\"},\"author\":{\"name\":\"luis\",\"@id\":\"https:\/\/indusalcoop.es\/#\/schema\/person\/34987993581057f7839960eff10d5c4e\"},\"headline\":\"Programme d\u2019aides visant \u00e0 am\u00e9liorer la comp\u00e9titivit\u00e9 et la durabilit\u00e9 des PME industrielles des secteurs de la Communaut\u00e9 valencienne.\",\"datePublished\":\"2022-09-05T16:06:24+00:00\",\"dateModified\":\"2025-10-13T09:29:15+00:00\",\"mainEntityOfPage\":{\"@id\":\"https:\/\/indusalcoop.es\/fr\/programme-daides-visant-a-ameliorer-la-competitivite-et-la-durabilite-des-pme-industrielles-des-secteurs-de-la-communaute-valencienne\/\"},\"wordCount\":175,\"image\":{\"@id\":\"https:\/\/indusalcoop.es\/fr\/programme-daides-visant-a-ameliorer-la-competitivite-et-la-durabilite-des-pme-industrielles-des-secteurs-de-la-communaute-valencienne\/#primaryimage\"},\"thumbnailUrl\":\"https:\/\/indusalcoop.es\/wp-content\/uploads\/2022\/09\/generalitat-img.jpg\",\"articleSection\":[\"Non cat\u00e9goris\u00e9\"],\"inLanguage\":\"fr-FR\"},{\"@type\":\"WebPage\",\"@id\":\"https:\/\/indusalcoop.es\/fr\/programme-daides-visant-a-ameliorer-la-competitivite-et-la-durabilite-des-pme-industrielles-des-secteurs-de-la-communaute-valencienne\/\",\"url\":\"https:\/\/indusalcoop.es\/fr\/programme-daides-visant-a-ameliorer-la-competitivite-et-la-durabilite-des-pme-industrielles-des-secteurs-de-la-communaute-valencienne\/\",\"name\":\"Programme d\u2019aides visant \u00e0 am\u00e9liorer la comp\u00e9titivit\u00e9 et la durabilit\u00e9 des PME industrielles des secteurs de la Communaut\u00e9 valencienne. - Indusal Maquinaria Industrial\",\"isPartOf\":{\"@id\":\"https:\/\/indusalcoop.es\/#website\"},\"primaryImageOfPage\":{\"@id\":\"https:\/\/indusalcoop.es\/fr\/programme-daides-visant-a-ameliorer-la-competitivite-et-la-durabilite-des-pme-industrielles-des-secteurs-de-la-communaute-valencienne\/#primaryimage\"},\"image\":{\"@id\":\"https:\/\/indusalcoop.es\/fr\/programme-daides-visant-a-ameliorer-la-competitivite-et-la-durabilite-des-pme-industrielles-des-secteurs-de-la-communaute-valencienne\/#primaryimage\"},\"thumbnailUrl\":\"https:\/\/indusalcoop.es\/wp-content\/uploads\/2022\/09\/generalitat-img.jpg\",\"datePublished\":\"2022-09-05T16:06:24+00:00\",\"dateModified\":\"2025-10-13T09:29:15+00:00\",\"author\":{\"@id\":\"https:\/\/indusalcoop.es\/#\/schema\/person\/34987993581057f7839960eff10d5c4e\"},\"breadcrumb\":{\"@id\":\"https:\/\/indusalcoop.es\/fr\/programme-daides-visant-a-ameliorer-la-competitivite-et-la-durabilite-des-pme-industrielles-des-secteurs-de-la-communaute-valencienne\/#breadcrumb\"},\"inLanguage\":\"fr-FR\",\"potentialAction\":[{\"@type\":\"ReadAction\",\"target\":[\"https:\/\/indusalcoop.es\/fr\/programme-daides-visant-a-ameliorer-la-competitivite-et-la-durabilite-des-pme-industrielles-des-secteurs-de-la-communaute-valencienne\/\"]}]},{\"@type\":\"ImageObject\",\"inLanguage\":\"fr-FR\",\"@id\":\"https:\/\/indusalcoop.es\/fr\/programme-daides-visant-a-ameliorer-la-competitivite-et-la-durabilite-des-pme-industrielles-des-secteurs-de-la-communaute-valencienne\/#primaryimage\",\"url\":\"https:\/\/indusalcoop.es\/wp-content\/uploads\/2022\/09\/generalitat-img.jpg\",\"contentUrl\":\"https:\/\/indusalcoop.es\/wp-content\/uploads\/2022\/09\/generalitat-img.jpg\",\"width\":1024,\"height\":565},{\"@type\":\"BreadcrumbList\",\"@id\":\"https:\/\/indusalcoop.es\/fr\/programme-daides-visant-a-ameliorer-la-competitivite-et-la-durabilite-des-pme-industrielles-des-secteurs-de-la-communaute-valencienne\/#breadcrumb\",\"itemListElement\":[{\"@type\":\"ListItem\",\"position\":1,\"name\":\"Portada\",\"item\":\"https:\/\/indusalcoop.es\/fr\/\"},{\"@type\":\"ListItem\",\"position\":2,\"name\":\"Programme d\u2019aides visant \u00e0 am\u00e9liorer la comp\u00e9titivit\u00e9 et la durabilit\u00e9 des PME industrielles des secteurs de la Communaut\u00e9 valencienne.\"}]},{\"@type\":\"WebSite\",\"@id\":\"https:\/\/indusalcoop.es\/#website\",\"url\":\"https:\/\/indusalcoop.es\/\",\"name\":\"Indusal Maquinaria Industrial\",\"description\":\"Indusal Maquinaria Industrial\",\"potentialAction\":[{\"@type\":\"SearchAction\",\"target\":{\"@type\":\"EntryPoint\",\"urlTemplate\":\"https:\/\/indusalcoop.es\/?s={search_term_string}\"},\"query-input\":{\"@type\":\"PropertyValueSpecification\",\"valueRequired\":true,\"valueName\":\"search_term_string\"}}],\"inLanguage\":\"fr-FR\"},{\"@type\":\"Person\",\"@id\":\"https:\/\/indusalcoop.es\/#\/schema\/person\/34987993581057f7839960eff10d5c4e\",\"name\":\"luis\",\"image\":{\"@type\":\"ImageObject\",\"inLanguage\":\"fr-FR\",\"@id\":\"https:\/\/indusalcoop.es\/#\/schema\/person\/image\/\",\"url\":\"https:\/\/secure.gravatar.com\/avatar\/5cdb6850bd99fb2c8704f0c734355ef417d1593d3303549f45cb88c4a1bdbf9c?s=96&d=mm&r=g\",\"contentUrl\":\"https:\/\/secure.gravatar.com\/avatar\/5cdb6850bd99fb2c8704f0c734355ef417d1593d3303549f45cb88c4a1bdbf9c?s=96&d=mm&r=g\",\"caption\":\"luis\"}}]}<\/script>\n<!-- \/ Yoast SEO plugin. -->","yoast_head_json":{"title":"Programme d\u2019aides visant \u00e0 am\u00e9liorer la comp\u00e9titivit\u00e9 et la durabilit\u00e9 des PME industrielles des secteurs de la Communaut\u00e9 valencienne. - Indusal Maquinaria Industrial","robots":{"index":"index","follow":"follow","max-snippet":"max-snippet:-1","max-image-preview":"max-image-preview:large","max-video-preview":"max-video-preview:-1"},"canonical":"https:\/\/indusalcoop.es\/fr\/programme-daides-visant-a-ameliorer-la-competitivite-et-la-durabilite-des-pme-industrielles-des-secteurs-de-la-communaute-valencienne\/","og_locale":"fr_FR","og_type":"article","og_title":"Programme d\u2019aides visant \u00e0 am\u00e9liorer la comp\u00e9titivit\u00e9 et la durabilit\u00e9 des PME industrielles des secteurs de la Communaut\u00e9 valencienne. - Indusal Maquinaria Industrial","og_description":"PROYECTOS INDUSTRIALES INDUSAL, S.L. a re\u00e7u de la part de la Conselleria de l\u2019\u00c9conomie durable, des Secteurs productifs, du Commerce et du Travail de la Generalitat Valenciana, une subvention de 32.644,09\u00a0\u20ac en soutien au projet INPYME\/2022\/797 dans le cadre du &hellip;","og_url":"https:\/\/indusalcoop.es\/fr\/programme-daides-visant-a-ameliorer-la-competitivite-et-la-durabilite-des-pme-industrielles-des-secteurs-de-la-communaute-valencienne\/","og_site_name":"Indusal Maquinaria Industrial","article_published_time":"2022-09-05T16:06:24+00:00","article_modified_time":"2025-10-13T09:29:15+00:00","og_image":[{"width":1024,"height":565,"url":"https:\/\/indusalcoop.es\/wp-content\/uploads\/2022\/09\/generalitat-img.jpg","type":"image\/jpeg"}],"author":"luis","twitter_card":"summary_large_image","twitter_misc":{"\u00c9crit par":"luis","Dur\u00e9e de lecture estim\u00e9e":"1 minute"},"schema":{"@context":"https:\/\/schema.org","@graph":[{"@type":"Article","@id":"https:\/\/indusalcoop.es\/fr\/programme-daides-visant-a-ameliorer-la-competitivite-et-la-durabilite-des-pme-industrielles-des-secteurs-de-la-communaute-valencienne\/#article","isPartOf":{"@id":"https:\/\/indusalcoop.es\/fr\/programme-daides-visant-a-ameliorer-la-competitivite-et-la-durabilite-des-pme-industrielles-des-secteurs-de-la-communaute-valencienne\/"},"author":{"name":"luis","@id":"https:\/\/indusalcoop.es\/#\/schema\/person\/34987993581057f7839960eff10d5c4e"},"headline":"Programme d\u2019aides visant \u00e0 am\u00e9liorer la comp\u00e9titivit\u00e9 et la durabilit\u00e9 des PME industrielles des secteurs de la Communaut\u00e9 valencienne.","datePublished":"2022-09-05T16:06:24+00:00","dateModified":"2025-10-13T09:29:15+00:00","mainEntityOfPage":{"@id":"https:\/\/indusalcoop.es\/fr\/programme-daides-visant-a-ameliorer-la-competitivite-et-la-durabilite-des-pme-industrielles-des-secteurs-de-la-communaute-valencienne\/"},"wordCount":175,"image":{"@id":"https:\/\/indusalcoop.es\/fr\/programme-daides-visant-a-ameliorer-la-competitivite-et-la-durabilite-des-pme-industrielles-des-secteurs-de-la-communaute-valencienne\/#primaryimage"},"thumbnailUrl":"https:\/\/indusalcoop.es\/wp-content\/uploads\/2022\/09\/generalitat-img.jpg","articleSection":["Non cat\u00e9goris\u00e9"],"inLanguage":"fr-FR"},{"@type":"WebPage","@id":"https:\/\/indusalcoop.es\/fr\/programme-daides-visant-a-ameliorer-la-competitivite-et-la-durabilite-des-pme-industrielles-des-secteurs-de-la-communaute-valencienne\/","url":"https:\/\/indusalcoop.es\/fr\/programme-daides-visant-a-ameliorer-la-competitivite-et-la-durabilite-des-pme-industrielles-des-secteurs-de-la-communaute-valencienne\/","name":"Programme d\u2019aides visant \u00e0 am\u00e9liorer la comp\u00e9titivit\u00e9 et la durabilit\u00e9 des PME industrielles des secteurs de la Communaut\u00e9 valencienne. - Indusal Maquinaria Industrial","isPartOf":{"@id":"https:\/\/indusalcoop.es\/#website"},"primaryImageOfPage":{"@id":"https:\/\/indusalcoop.es\/fr\/programme-daides-visant-a-ameliorer-la-competitivite-et-la-durabilite-des-pme-industrielles-des-secteurs-de-la-communaute-valencienne\/#primaryimage"},"image":{"@id":"https:\/\/indusalcoop.es\/fr\/programme-daides-visant-a-ameliorer-la-competitivite-et-la-durabilite-des-pme-industrielles-des-secteurs-de-la-communaute-valencienne\/#primaryimage"},"thumbnailUrl":"https:\/\/indusalcoop.es\/wp-content\/uploads\/2022\/09\/generalitat-img.jpg","datePublished":"2022-09-05T16:06:24+00:00","dateModified":"2025-10-13T09:29:15+00:00","author":{"@id":"https:\/\/indusalcoop.es\/#\/schema\/person\/34987993581057f7839960eff10d5c4e"},"breadcrumb":{"@id":"https:\/\/indusalcoop.es\/fr\/programme-daides-visant-a-ameliorer-la-competitivite-et-la-durabilite-des-pme-industrielles-des-secteurs-de-la-communaute-valencienne\/#breadcrumb"},"inLanguage":"fr-FR","potentialAction":[{"@type":"ReadAction","target":["https:\/\/indusalcoop.es\/fr\/programme-daides-visant-a-ameliorer-la-competitivite-et-la-durabilite-des-pme-industrielles-des-secteurs-de-la-communaute-valencienne\/"]}]},{"@type":"ImageObject","inLanguage":"fr-FR","@id":"https:\/\/indusalcoop.es\/fr\/programme-daides-visant-a-ameliorer-la-competitivite-et-la-durabilite-des-pme-industrielles-des-secteurs-de-la-communaute-valencienne\/#primaryimage","url":"https:\/\/indusalcoop.es\/wp-content\/uploads\/2022\/09\/generalitat-img.jpg","contentUrl":"https:\/\/indusalcoop.es\/wp-content\/uploads\/2022\/09\/generalitat-img.jpg","width":1024,"height":565},{"@type":"BreadcrumbList","@id":"https:\/\/indusalcoop.es\/fr\/programme-daides-visant-a-ameliorer-la-competitivite-et-la-durabilite-des-pme-industrielles-des-secteurs-de-la-communaute-valencienne\/#breadcrumb","itemListElement":[{"@type":"ListItem","position":1,"name":"Portada","item":"https:\/\/indusalcoop.es\/fr\/"},{"@type":"ListItem","position":2,"name":"Programme d\u2019aides visant \u00e0 am\u00e9liorer la comp\u00e9titivit\u00e9 et la durabilit\u00e9 des PME industrielles des secteurs de la Communaut\u00e9 valencienne."}]},{"@type":"WebSite","@id":"https:\/\/indusalcoop.es\/#website","url":"https:\/\/indusalcoop.es\/","name":"Indusal Maquinaria Industrial","description":"Indusal Maquinaria Industrial","potentialAction":[{"@type":"SearchAction","target":{"@type":"EntryPoint","urlTemplate":"https:\/\/indusalcoop.es\/?s={search_term_string}"},"query-input":{"@type":"PropertyValueSpecification","valueRequired":true,"valueName":"search_term_string"}}],"inLanguage":"fr-FR"},{"@type":"Person","@id":"https:\/\/indusalcoop.es\/#\/schema\/person\/34987993581057f7839960eff10d5c4e","name":"luis","image":{"@type":"ImageObject","inLanguage":"fr-FR","@id":"https:\/\/indusalcoop.es\/#\/schema\/person\/image\/","url":"https:\/\/secure.gravatar.com\/avatar\/5cdb6850bd99fb2c8704f0c734355ef417d1593d3303549f45cb88c4a1bdbf9c?s=96&d=mm&r=g","contentUrl":"https:\/\/secure.gravatar.com\/avatar\/5cdb6850bd99fb2c8704f0c734355ef417d1593d3303549f45cb88c4a1bdbf9c?s=96&d=mm&r=g","caption":"luis"}}]}},"_links":{"self":[{"href":"https:\/\/indusalcoop.es\/fr\/wp-json\/wp\/v2\/posts\/4321","targetHints":{"allow":["GET"]}}],"collection":[{"href":"https:\/\/indusalcoop.es\/fr\/wp-json\/wp\/v2\/posts"}],"about":[{"href":"https:\/\/indusalcoop.es\/fr\/wp-json\/wp\/v2\/types\/post"}],"author":[{"embeddable":true,"href":"https:\/\/indusalcoop.es\/fr\/wp-json\/wp\/v2\/users\/1"}],"replies":[{"embeddable":true,"href":"https:\/\/indusalcoop.es\/fr\/wp-json\/wp\/v2\/comments?post=4321"}],"version-history":[{"count":2,"href":"https:\/\/indusalcoop.es\/fr\/wp-json\/wp\/v2\/posts\/4321\/revisions"}],"predecessor-version":[{"id":4323,"href":"https:\/\/indusalcoop.es\/fr\/wp-json\/wp\/v2\/posts\/4321\/revisions\/4323"}],"wp:featuredmedia":[{"embeddable":true,"href":"https:\/\/indusalcoop.es\/fr\/wp-json\/wp\/v2\/media\/3674"}],"wp:attachment":[{"href":"https:\/\/indusalcoop.es\/fr\/wp-json\/wp\/v2\/media?parent=4321"}],"wp:term":[{"taxonomy":"category","embeddable":true,"href":"https:\/\/indusalcoop.es\/fr\/wp-json\/wp\/v2\/categories?post=4321"},{"taxonomy":"post_tag","embeddable":true,"href":"https:\/\/indusalcoop.es\/fr\/wp-json\/wp\/v2\/tags?post=4321"}],"curies":[{"name":"wp","href":"https:\/\/api.w.org\/{rel}","templated":true}]}}